[{"@context":"https:\/\/schema.org\/","@type":"Article","@id":"https:\/\/www.trula.cz\/proc-mnohem-radeji-jezdime-do-teplych-krajin\/#Article","mainEntityOfPage":"https:\/\/www.trula.cz\/proc-mnohem-radeji-jezdime-do-teplych-krajin\/","headline":"Pro\u010d mnohem rad\u011bji jezd\u00edme do tepl\u00fdch krajin?","name":"Pro\u010d mnohem rad\u011bji jezd\u00edme do tepl\u00fdch krajin?","description":"Mnoho lid&Atilde;&shy; r&Atilde;&iexcl;do str&Atilde;&iexcl;v&Atilde;&shy; dovolenou za hranicemi. A nen&Atilde;&shy; divu, je to mo&Aring;&frac34;nost, jak poznat nov&Atilde;&copy; kultury, z&Atilde;&shy;skat nov&Atilde;&copy; z&Atilde;&iexcl;&Aring;&frac34;itky a vid&Auml;&#8250;t v&Auml;&#8250;ci, kter&Atilde;&copy; u n&Atilde;&iexcl;s zkr&Atilde;&iexcl;tka neuvid&Atilde;&shy;me. A vzhledem k&Acirc;&nbsp;tomu, &Aring;&frac34;e je pro n&Atilde;&iexcl;s otev&Aring;&#8482;en tak&Aring;&#8482;ka cel&Atilde;&frac12; sv&Auml;&#8250;t, m&Aring;&macr;&Aring;&frac34;eme si snadno vybrat, kam vlastn&Auml;&#8250; pojedeme. &Acirc;&nbsp; Kdy&Aring;&frac34; se v&Aring;&iexcl;ak pod&Atilde;&shy;v&Atilde;&iexcl;me na statistiky cestovn&Atilde;&shy;ch kancel&Atilde;&iexcl;&Aring;&#8482;&Atilde;&shy;, [&hellip;]","datePublished":"2023-10-25","dateModified":"2024-01-26","author":{"@type":"Person","@id":"https:\/\/www.trula.cz\/author\/#Person","name":"","url":"https:\/\/www.trula.cz\/author\/","identifier":1,"image":{"@type":"ImageObject","@id":"https:\/\/secure.gravatar.com\/avatar\/8ee00db67df6a380981db2e33f97d2fa79637c4880a83f2a0ac4c29b5bb179e1?s=96&d=mm&r=g","url":"https:\/\/secure.gravatar.com\/avatar\/8ee00db67df6a380981db2e33f97d2fa79637c4880a83f2a0ac4c29b5bb179e1?s=96&d=mm&r=g","height":96,"width":96}},"publisher":{"@type":"Organization","name":"trula.cz","logo":{"@type":"ImageObject","@id":"\/logo.png","url":"\/logo.png","width":600,"height":60}},"image":{"@type":"ImageObject","@id":"https:\/\/www.trula.cz\/wp-content\/uploads\/more1_1.jpg","url":"https:\/\/www.trula.cz\/wp-content\/uploads\/more1_1.jpg","height":0,"width":0},"url":"https:\/\/www.trula.cz\/proc-mnohem-radeji-jezdime-do-teplych-krajin\/","about":["Cestov\u00e1n\u00ed"],"wordCount":877,"articleBody":"Mnoho lid&Atilde;&shy; r&Atilde;&iexcl;do str&Atilde;&iexcl;v&Atilde;&shy; dovolenou za hranicemi. A nen&Atilde;&shy; divu, je to mo&Aring;&frac34;nost, jak poznat nov&Atilde;&copy; kultury, z&Atilde;&shy;skat nov&Atilde;&copy; z&Atilde;&iexcl;&Aring;&frac34;itky a vid&Auml;&#8250;t v&Auml;&#8250;ci, kter&Atilde;&copy; u n&Atilde;&iexcl;s zkr&Atilde;&iexcl;tka neuvid&Atilde;&shy;me. A vzhledem k&Acirc;&nbsp;tomu, &Aring;&frac34;e je pro n&Atilde;&iexcl;s otev&Aring;&#8482;en tak&Aring;&#8482;ka cel&Atilde;&frac12; sv&Auml;&#8250;t, m&Aring;&macr;&Aring;&frac34;eme si snadno vybrat, kam vlastn&Auml;&#8250; pojedeme.&Acirc;&nbsp;Kdy&Aring;&frac34; se v&Aring;&iexcl;ak pod&Atilde;&shy;v&Atilde;&iexcl;me na statistiky cestovn&Atilde;&shy;ch kancel&Atilde;&iexcl;&Aring;&#8482;&Atilde;&shy;, zjist&Atilde;&shy;me, &Aring;&frac34;e naprost&Atilde;&iexcl; v&Auml;&#8250;t&Aring;&iexcl;ina lid&Atilde;&shy; jezd&Atilde;&shy; do tepl&Atilde;&frac12;ch krajin, ide&Atilde;&iexcl;ln&Auml;&#8250; k&Acirc;&nbsp;p&Aring;&#8482;&Atilde;&shy;mo&Aring;&#8482;sk&Atilde;&frac12;m letovisk&Aring;&macr;m. Naproti tomu hory &Auml;i severn&Auml;&#8250;j&Aring;&iexcl;&Atilde;&shy; destinace, a&Auml;koliv tak&Atilde;&copy; maj&Atilde;&shy; mo&Aring;&#8482;e a vysok&Atilde;&copy; hory, kter&Atilde;&copy; u n&Atilde;&iexcl;s zkr&Atilde;&iexcl;tka nenajdeme, jsou mnohem m&Atilde;&copy;n&Auml;&#8250; obl&Atilde;&shy;ben&Atilde;&copy;.&Acirc;&nbsp;&Acirc;&nbsp;To samoz&Aring;&#8482;ejm&Auml;&#8250; nen&Atilde;&shy; nic nov&Atilde;&copy;ho. Sta&Auml;&Atilde;&shy; si vzpomenout, &Aring;&frac34;e ji&Aring;&frac34; za socialismu se jezdilo do Chorvatska nebo k&Acirc;&nbsp;&Auml;&#338;ern&Atilde;&copy;mu mo&Aring;&#8482;i. Tento trend tedy nem&Atilde;&iexcl; nic spole&Auml;n&Atilde;&copy;ho se zm&Auml;&#8250;nou re&Aring;&frac34;imu &Auml;i politickou situac&Atilde;&shy;. A rozhodn&Auml;&#8250; nen&Atilde;&shy; specifick&Atilde;&frac12; pouze pro &Auml;&#338;eskou republiku. Nab&Atilde;&shy;z&Atilde;&shy; se tedy ot&Atilde;&iexcl;zka, pro&Auml; vlastn&Auml;&#8250; preferujeme tepl&Atilde;&copy; podneb&Atilde;&shy;.&Acirc;&nbsp;Pokud jde o mo&Aring;&#8482;e, tak zde je to jasn&Atilde;&copy; &acirc;&#8364;&#8220; u n&Atilde;&iexcl;s jej zkr&Atilde;&iexcl;tka nem&Atilde;&iexcl;me. Je to pohled, kter&Atilde;&frac12; je pro n&Atilde;&iexcl;s vz&Atilde;&iexcl;cn&Atilde;&frac12;, a kter&Atilde;&frac12; si chceme pokud mo&Aring;&frac34;no u&Aring;&frac34;&Atilde;&shy;t. A kdy&Aring;&frac34; u&Aring;&frac34; jsme u n&Auml;&#8250;j, tak se v&Acirc;&nbsp;n&Auml;&#8250;m chceme samoz&Aring;&#8482;ejm&Auml;&#8250; tak&Atilde;&copy; vykoupat &acirc;&#8364;&#8220; a k&Acirc;&nbsp;tomu je pot&Aring;&#8482;eba dostate&Auml;n&Auml;&#8250; tepl&Atilde;&copy; po&Auml;as&Atilde;&shy;.&Acirc;&nbsp;&Acirc;&nbsp;To ov&Aring;&iexcl;em nen&Atilde;&shy; jedin&Atilde;&frac12; d&Aring;&macr;vod tohoto na&Aring;&iexcl;eho chov&Atilde;&iexcl;n&Atilde;&shy;. Ten ve skute&Auml;nosti le&Aring;&frac34;&Atilde;&shy; v&Acirc;&nbsp;na&Aring;&iexcl;em p&Aring;&macr;vodu. Jsme toti&Aring;&frac34; druhem z&Acirc;&nbsp;Africk&Atilde;&frac12;ch savan, co&Aring;&frac34; je tak&Atilde;&copy; d&Aring;&macr;vod, pro&Auml; sn&Atilde;&iexcl;&Aring;&iexcl;&Atilde;&shy;me teplo podstatn&Auml;&#8250; l&Atilde;&copy;pe, ne&Aring;&frac34; zimu. Tu bychom bez oble&Auml;en&Atilde;&shy; nep&Aring;&#8482;e&Aring;&frac34;ili ani zde, v&Acirc;&nbsp;m&Atilde;&shy;rn&Atilde;&copy;m klimatu, nato&Aring;&frac34; v&Acirc;&nbsp;severn&Auml;&#8250;j&Aring;&iexcl;&Atilde;&shy;ch kon&Auml;in&Atilde;&iexcl;ch. Nen&Atilde;&shy; tedy divu, &Aring;&frac34;e se podv&Auml;&#8250;dom&Auml;&#8250; chceme vr&Atilde;&iexcl;tit do podneb&Atilde;&shy;, kter&Atilde;&copy; je pro n&Atilde;&iexcl;s jako d&Auml;&#8250;lan&Atilde;&copy;.&Acirc;&nbsp;Samoz&Aring;&#8482;ejm&Auml;&#8250; lze nam&Atilde;&shy;tnout, &Aring;&frac34;e dne&Aring;&iexcl;n&Atilde;&shy; &Auml;lov&Auml;&#8250;k se ji&Aring;&frac34; &Auml;&Atilde;&iexcl;ste&Auml;n&Auml;&#8250; adaptoval na &Aring;&frac34;ivot v&Acirc;&nbsp;chladn&Auml;&#8250;j&Aring;&iexcl;&Atilde;&shy;ch podm&Atilde;&shy;nk&Atilde;&iexcl;ch &acirc;&#8364;&#8220; na&Aring;&iexcl;e b&Atilde;&shy;l&Atilde;&iexcl; k&Aring;&macr;&Aring;&frac34;e n&Atilde;&iexcl;m umo&Aring;&frac34;&Aring;&#710;uje vytv&Atilde;&iexcl;&Aring;&#8482;et v&Atilde;&shy;ce vitaminu D, av&Aring;&iexcl;ak z&Atilde;&iexcl;rove&Aring;&#710; n&Atilde;&iexcl;s chr&Atilde;&iexcl;n&Atilde;&shy; mnohem m&Atilde;&copy;n&Auml;&#8250; p&Aring;&#8482;ed &Aring;&iexcl;kodliv&Atilde;&frac12;m slune&Auml;n&Atilde;&shy;m z&Atilde;&iexcl;&Aring;&#8482;en&Atilde;&shy;m. I proto v&Acirc;&nbsp;tropech pot&Aring;&#8482;ebujeme ochranu v&Acirc;&nbsp;podob&Auml;&#8250; opalovac&Atilde;&shy;ho kr&Atilde;&copy;mu.&Acirc;&nbsp;Rozhodn&Auml;&#8250; to v&Aring;&iexcl;ak neznamen&Atilde;&iexcl;, &Aring;&frac34;e bychom do tepl&Atilde;&frac12;ch krajin nem&Auml;&#8250;li jezdit. Naopak, rozhodn&Auml;&#8250; nen&Atilde;&shy; na &Aring;&iexcl;kodu se tam pod&Atilde;&shy;vat a dovolenou si po&Aring;&#8482;&Atilde;&iexcl;dn&Auml;&#8250; u&Aring;&frac34;&Atilde;&shy;t.                                                                                                                                                                                                                                                                                                                                                                                        4.3\/5 - (12 votes)        "},{"@context":"https:\/\/schema.org\/","@type":"BreadcrumbList","itemListElement":[{"@type":"ListItem","position":1,"name":"Pro\u010d mnohem rad\u011bji jezd\u00edme do tepl\u00fdch krajin?","item":"https:\/\/www.trula.cz\/proc-mnohem-radeji-jezdime-do-teplych-krajin\/#breadcrumbitem"}]}]