[{"@context":"https:\/\/schema.org\/","@type":"Article","@id":"https:\/\/www.trula.cz\/pripravte-se-na-svuj-velky-den\/#Article","mainEntityOfPage":"https:\/\/www.trula.cz\/pripravte-se-na-svuj-velky-den\/","headline":"P\u0159ipravte se na sv\u016fj velk\u00fd den","name":"P\u0159ipravte se na sv\u016fj velk\u00fd den","description":"P\u0159\u00edpravy na svatbu se v mnoha p\u0159\u00edpadech nesou ve znamen\u00ed zmatk\u016f, hodn\u011b povinnost\u00ed a hlavn\u011b kupy starost\u00ed. Pro nev\u011bstu pot\u00e9 tedy m\u016f\u017ee b\u00fdt probl\u00e9m tr\u00e1vit t\u0159eba n\u011bkolik hodin ve studiu, kde si zkou\u0161\u00ed neust\u00e1le dal\u0161\u00ed a dal\u0161\u00ed \u0161aty. Je t\u0159eba se odreagovat a tuto milou povinnost si naprosto u\u017e\u00edt. Kolikr\u00e1t za \u017eivot toti\u017e je\u0161t\u011b budete [&hellip;]","datePublished":"2023-07-28","dateModified":"2023-07-28","author":{"@type":"Person","@id":"https:\/\/www.trula.cz\/author\/#Person","name":"","url":"https:\/\/www.trula.cz\/author\/","identifier":1,"image":{"@type":"ImageObject","@id":"https:\/\/secure.gravatar.com\/avatar\/8ee00db67df6a380981db2e33f97d2fa79637c4880a83f2a0ac4c29b5bb179e1?s=96&d=mm&r=g","url":"https:\/\/secure.gravatar.com\/avatar\/8ee00db67df6a380981db2e33f97d2fa79637c4880a83f2a0ac4c29b5bb179e1?s=96&d=mm&r=g","height":96,"width":96}},"publisher":{"@type":"Organization","name":"trula.cz","logo":{"@type":"ImageObject","@id":"\/logo.png","url":"\/logo.png","width":600,"height":60}},"url":"https:\/\/www.trula.cz\/pripravte-se-na-svuj-velky-den\/","wordCount":223,"articleBody":"P\u0159\u00edpravy na svatbu se v mnoha p\u0159\u00edpadech nesou ve znamen\u00ed zmatk\u016f, hodn\u011b povinnost\u00ed a hlavn\u011b kupy starost\u00ed. Pro nev\u011bstu pot\u00e9 tedy m\u016f\u017ee b\u00fdt probl\u00e9m tr\u00e1vit t\u0159eba n\u011bkolik hodin ve studiu, kde si zkou\u0161\u00ed neust\u00e1le dal\u0161\u00ed a dal\u0161\u00ed \u0161aty. Je t\u0159eba se odreagovat a tuto milou povinnost si naprosto u\u017e\u00edt. Kolikr\u00e1t za \u017eivot toti\u017e je\u0161t\u011b budete vyb\u00edrat svatebn\u00ed \u0161aty? U\u017eijte si tedy p\u00e9\u010di odborn\u00edk\u016f, kte\u0159\u00ed se postaraj\u00ed o to, abyste na\u0161la to, co v\u00e1m bude opravdu perfektn\u011b padnout. V\u011b\u0159te, \u017ee si tyto dlouh\u00e9 hodiny skute\u010dn\u011b u\u017eijete, a to hlavn\u011b ve v\u00fdsledku, kdy si s sebou dom\u016f odnesete \u00falovek, ve kter\u00e9m okouzl\u00edte nejenom sv\u00e9ho partnera.Luxusn\u00ed proveden\u00edNaprosto ka\u017ed\u00e1 garderoba, kterou u n\u00e1s m\u016f\u017eete naj\u00edt, je \u0161ita precizn\u011b a skute\u010dn\u011b kvalitn\u011b. Materi\u00e1ly jsou na t\u00e9 nejvy\u0161\u0161\u00ed \u00farovni, proto se v z\u00e1v\u011bru m\u016f\u017eete t\u011b\u0161it na takov\u00e9 modely, kter\u00e9 budou skute\u010dn\u011b luxusn\u00ed. U\u017eijte si tento den naplno a nebojte se investovat t\u00edmto sm\u011brem. Uvid\u00edte, \u017ee toho nebudete ani tro\u0161ku litovat, obzvl\u00e1\u0161t\u011b kdy\u017e si budete prohl\u00ed\u017eet fotografie z dne oslavy va\u0161\u00ed l\u00e1sky, na kter\u00fdch v\u00e1m to tolik slu\u0161\u00ed.                                                                                                                                                                                                                                                                                                                                                                                        4.1\/5 - (13 votes)        "},{"@context":"https:\/\/schema.org\/","@type":"BreadcrumbList","itemListElement":[{"@type":"ListItem","position":1,"name":"P\u0159ipravte se na sv\u016fj velk\u00fd den","item":"https:\/\/www.trula.cz\/pripravte-se-na-svuj-velky-den\/#breadcrumbitem"}]}]