[{"@context":"https:\/\/schema.org\/","@type":"Blog","@id":"https:\/\/www.trula.cz#Blog","headline":"Trula","description":"\nJak je zn\u00e1mo, nen\u00ed v\u0161echno zlato, co se t\u0159pyt\u00ed. V\u017edy\u0165 t\u0159eba na\u0161e internetov\u00e1 str\u00e1nka se ani trochu net\u0159pyt\u00ed a p\u0159esto je mnoh\u00fdm dokonce nad zlato.","url":"https:\/\/www.trula.cz","hasPart":[{"@type":"Article","@id":"https:\/\/www.trula.cz\/vzdelavani-pri-materske-dovolene\/","headline":"Vzd\u011bl\u00e1v\u00e1n\u00ed p\u0159i mate\u0159sk\u00e9 dovolen\u00e9","url":"https:\/\/www.trula.cz\/vzdelavani-pri-materske-dovolene\/","datePublished":"2025-03-06","dateModified":"2023-05-02","mainEntityOfPage":"https:\/\/www.trula.cz\/vzdelavani-pri-materske-dovolene\/","author":{"@type":"Person","@id":"https:\/\/www.trula.cz\/author\/#Person","name":"","url":"https:\/\/www.trula.cz\/author\/","identifier":1,"image":{"@type":"ImageObject","@id":"https:\/\/secure.gravatar.com\/avatar\/8ee00db67df6a380981db2e33f97d2fa79637c4880a83f2a0ac4c29b5bb179e1?s=96&d=mm&r=g","url":"https:\/\/secure.gravatar.com\/avatar\/8ee00db67df6a380981db2e33f97d2fa79637c4880a83f2a0ac4c29b5bb179e1?s=96&d=mm&r=g","height":96,"width":96}},"publisher":{"@type":"Organization","name":"trula.cz","logo":{"@type":"ImageObject","@id":"\/logo.png","url":"\/logo.png","width":600,"height":60}},"image":{"@type":"ImageObject","@id":"https:\/\/www.trula.cz\/wp-content\/uploads\/img_a295026_w2109_t1506678490.jpg","url":"https:\/\/www.trula.cz\/wp-content\/uploads\/img_a295026_w2109_t1506678490.jpg","height":0,"width":0},"wordCount":661,"keywords":null},{"@type":"Article","@id":"https:\/\/www.trula.cz\/kufr-jak-zabalit-nepriplacet-a-dostat-do-cilove-destinace\/","headline":"Kufr \u2013 jak zabalit, nep\u0159ipl\u00e1cet a dostat do c\u00edlov\u00e9 destinace","url":"https:\/\/www.trula.cz\/kufr-jak-zabalit-nepriplacet-a-dostat-do-cilove-destinace\/","datePublished":"2025-03-05","dateModified":"2023-05-02","mainEntityOfPage":"https:\/\/www.trula.cz\/kufr-jak-zabalit-nepriplacet-a-dostat-do-cilove-destinace\/","author":{"@type":"Person","@id":"https:\/\/www.trula.cz\/author\/#Person","name":"","url":"https:\/\/www.trula.cz\/author\/","identifier":1,"image":{"@type":"ImageObject","@id":"https:\/\/secure.gravatar.com\/avatar\/8ee00db67df6a380981db2e33f97d2fa79637c4880a83f2a0ac4c29b5bb179e1?s=96&d=mm&r=g","url":"https:\/\/secure.gravatar.com\/avatar\/8ee00db67df6a380981db2e33f97d2fa79637c4880a83f2a0ac4c29b5bb179e1?s=96&d=mm&r=g","height":96,"width":96}},"publisher":{"@type":"Organization","name":"trula.cz","logo":{"@type":"ImageObject","@id":"\/logo.png","url":"\/logo.png","width":600,"height":60}},"image":{"@type":"ImageObject","@id":"https:\/\/www.trula.cz\/wp-content\/uploads\/img_a288061_w2014_t1498572993.jpg","url":"https:\/\/www.trula.cz\/wp-content\/uploads\/img_a288061_w2014_t1498572993.jpg","height":0,"width":0},"wordCount":521,"keywords":null},{"@type":"Article","@id":"https:\/\/www.trula.cz\/na-par-dni-jiny-domov-to-jsou-vymenne-pobyty\/","headline":"Na p\u00e1r dn\u00ed jin\u00fd domov &#8211; to jsou v\u00fdm\u011bnn\u00e9 pobyty","url":"https:\/\/www.trula.cz\/na-par-dni-jiny-domov-to-jsou-vymenne-pobyty\/","datePublished":"2025-03-04","dateModified":"2023-05-02","mainEntityOfPage":"https:\/\/www.trula.cz\/na-par-dni-jiny-domov-to-jsou-vymenne-pobyty\/","author":{"@type":"Person","@id":"https:\/\/www.trula.cz\/author\/#Person","name":"","url":"https:\/\/www.trula.cz\/author\/","identifier":1,"image":{"@type":"ImageObject","@id":"https:\/\/secure.gravatar.com\/avatar\/8ee00db67df6a380981db2e33f97d2fa79637c4880a83f2a0ac4c29b5bb179e1?s=96&d=mm&r=g","url":"https:\/\/secure.gravatar.com\/avatar\/8ee00db67df6a380981db2e33f97d2fa79637c4880a83f2a0ac4c29b5bb179e1?s=96&d=mm&r=g","height":96,"width":96}},"publisher":{"@type":"Organization","name":"trula.cz","logo":{"@type":"ImageObject","@id":"\/logo.png","url":"\/logo.png","width":600,"height":60}},"image":{"@type":"ImageObject","@id":"https:\/\/www.trula.cz\/wp-content\/uploads\/img_a294361_w2144_t1506329227.jpg","url":"https:\/\/www.trula.cz\/wp-content\/uploads\/img_a294361_w2144_t1506329227.jpg","height":0,"width":0},"wordCount":503,"keywords":null},{"@type":"Article","@id":"https:\/\/www.trula.cz\/fenomen-trhu\/","headline":"Fenom\u00e9n trh\u016f","url":"https:\/\/www.trula.cz\/fenomen-trhu\/","datePublished":"2025-03-04","dateModified":"2023-05-02","mainEntityOfPage":"https:\/\/www.trula.cz\/fenomen-trhu\/","author":{"@type":"Person","@id":"https:\/\/www.trula.cz\/author\/#Person","name":"","url":"https:\/\/www.trula.cz\/author\/","identifier":1,"image":{"@type":"ImageObject","@id":"https:\/\/secure.gravatar.com\/avatar\/8ee00db67df6a380981db2e33f97d2fa79637c4880a83f2a0ac4c29b5bb179e1?s=96&d=mm&r=g","url":"https:\/\/secure.gravatar.com\/avatar\/8ee00db67df6a380981db2e33f97d2fa79637c4880a83f2a0ac4c29b5bb179e1?s=96&d=mm&r=g","height":96,"width":96}},"publisher":{"@type":"Organization","name":"trula.cz","logo":{"@type":"ImageObject","@id":"\/logo.png","url":"\/logo.png","width":600,"height":60}},"image":{"@type":"ImageObject","@id":"https:\/\/www.trula.cz\/wp-content\/uploads\/img_a310582_w1932_t1521535725.jpg","url":"https:\/\/www.trula.cz\/wp-content\/uploads\/img_a310582_w1932_t1521535725.jpg","height":0,"width":0},"wordCount":490,"keywords":null},{"@type":"Article","@id":"https:\/\/www.trula.cz\/automobil-vlak-letadlo-aneb-cim-cestovat\/","headline":"Automobil, vlak, letadlo aneb \u010d\u00edm cestovat?","url":"https:\/\/www.trula.cz\/automobil-vlak-letadlo-aneb-cim-cestovat\/","datePublished":"2025-03-04","dateModified":"2023-05-02","mainEntityOfPage":"https:\/\/www.trula.cz\/automobil-vlak-letadlo-aneb-cim-cestovat\/","author":{"@type":"Person","@id":"https:\/\/www.trula.cz\/author\/#Person","name":"","url":"https:\/\/www.trula.cz\/author\/","identifier":1,"image":{"@type":"ImageObject","@id":"https:\/\/secure.gravatar.com\/avatar\/8ee00db67df6a380981db2e33f97d2fa79637c4880a83f2a0ac4c29b5bb179e1?s=96&d=mm&r=g","url":"https:\/\/secure.gravatar.com\/avatar\/8ee00db67df6a380981db2e33f97d2fa79637c4880a83f2a0ac4c29b5bb179e1?s=96&d=mm&r=g","height":96,"width":96}},"publisher":{"@type":"Organization","name":"trula.cz","logo":{"@type":"ImageObject","@id":"\/logo.png","url":"\/logo.png","width":600,"height":60}},"image":{"@type":"ImageObject","@id":"https:\/\/www.trula.cz\/wp-content\/uploads\/img_a306987_w1909_t1518292144.jpg","url":"https:\/\/www.trula.cz\/wp-content\/uploads\/img_a306987_w1909_t1518292144.jpg","height":0,"width":0},"wordCount":604,"keywords":null},{"@type":"Article","@id":"https:\/\/www.trula.cz\/chci-usetrit-na-stavbe\/","headline":"Chci u\u0161et\u0159it na stavb\u011b","url":"https:\/\/www.trula.cz\/chci-usetrit-na-stavbe\/","datePublished":"2025-03-04","dateModified":"2023-05-02","mainEntityOfPage":"https:\/\/www.trula.cz\/chci-usetrit-na-stavbe\/","author":{"@type":"Person","@id":"https:\/\/www.trula.cz\/author\/#Person","name":"","url":"https:\/\/www.trula.cz\/author\/","identifier":1,"image":{"@type":"ImageObject","@id":"https:\/\/secure.gravatar.com\/avatar\/8ee00db67df6a380981db2e33f97d2fa79637c4880a83f2a0ac4c29b5bb179e1?s=96&d=mm&r=g","url":"https:\/\/secure.gravatar.com\/avatar\/8ee00db67df6a380981db2e33f97d2fa79637c4880a83f2a0ac4c29b5bb179e1?s=96&d=mm&r=g","height":96,"width":96}},"publisher":{"@type":"Organization","name":"trula.cz","logo":{"@type":"ImageObject","@id":"\/logo.png","url":"\/logo.png","width":600,"height":60}},"image":{"@type":"ImageObject","@id":"https:\/\/www.trula.cz\/wp-content\/uploads\/img_a303719_w1980_t1514382073.jpg","url":"https:\/\/www.trula.cz\/wp-content\/uploads\/img_a303719_w1980_t1514382073.jpg","height":0,"width":0},"wordCount":534,"keywords":null},{"@type":"Article","@id":"https:\/\/www.trula.cz\/lozni-povleceni\/","headline":"Lo\u017en\u00ed povle\u010den\u00ed","url":"https:\/\/www.trula.cz\/lozni-povleceni\/","datePublished":"2025-03-04","dateModified":"2025-03-04","mainEntityOfPage":"https:\/\/www.trula.cz\/lozni-povleceni\/","author":{"@type":"Person","@id":"https:\/\/www.trula.cz\/author\/#Person","name":"","url":"https:\/\/www.trula.cz\/author\/","identifier":1,"image":{"@type":"ImageObject","@id":"https:\/\/secure.gravatar.com\/avatar\/8ee00db67df6a380981db2e33f97d2fa79637c4880a83f2a0ac4c29b5bb179e1?s=96&d=mm&r=g","url":"https:\/\/secure.gravatar.com\/avatar\/8ee00db67df6a380981db2e33f97d2fa79637c4880a83f2a0ac4c29b5bb179e1?s=96&d=mm&r=g","height":96,"width":96}},"publisher":{"@type":"Organization","name":"trula.cz","logo":{"@type":"ImageObject","@id":"\/logo.png","url":"\/logo.png","width":600,"height":60}},"image":null,"wordCount":218,"keywords":null},{"@type":"Article","@id":"https:\/\/www.trula.cz\/kustovnice-cinska-neboli-elixir-dlouhovekosti\/","headline":"Kustovnice \u010d\u00ednsk\u00e1 neboli elix\u00edr dlouhov\u011bkosti","url":"https:\/\/www.trula.cz\/kustovnice-cinska-neboli-elixir-dlouhovekosti\/","datePublished":"2025-03-03","dateModified":"2023-05-02","mainEntityOfPage":"https:\/\/www.trula.cz\/kustovnice-cinska-neboli-elixir-dlouhovekosti\/","author":{"@type":"Person","@id":"https:\/\/www.trula.cz\/author\/#Person","name":"","url":"https:\/\/www.trula.cz\/author\/","identifier":1,"image":{"@type":"ImageObject","@id":"https:\/\/secure.gravatar.com\/avatar\/8ee00db67df6a380981db2e33f97d2fa79637c4880a83f2a0ac4c29b5bb179e1?s=96&d=mm&r=g","url":"https:\/\/secure.gravatar.com\/avatar\/8ee00db67df6a380981db2e33f97d2fa79637c4880a83f2a0ac4c29b5bb179e1?s=96&d=mm&r=g","height":96,"width":96}},"publisher":{"@type":"Organization","name":"trula.cz","logo":{"@type":"ImageObject","@id":"\/logo.png","url":"\/logo.png","width":600,"height":60}},"image":{"@type":"ImageObject","@id":"https:\/\/www.trula.cz\/wp-content\/uploads\/img_a289939_w2038_t1501517053.jpg","url":"https:\/\/www.trula.cz\/wp-content\/uploads\/img_a289939_w2038_t1501517053.jpg","height":0,"width":0},"wordCount":507,"keywords":null},{"@type":"Article","@id":"https:\/\/www.trula.cz\/ciao-bella-zazij-tu-pravou-florencii\/","headline":"Ciao Bella! Za\u017eij tu pravou Florencii","url":"https:\/\/www.trula.cz\/ciao-bella-zazij-tu-pravou-florencii\/","datePublished":"2025-03-03","dateModified":"2023-05-02","mainEntityOfPage":"https:\/\/www.trula.cz\/ciao-bella-zazij-tu-pravou-florencii\/","author":{"@type":"Person","@id":"https:\/\/www.trula.cz\/author\/#Person","name":"","url":"https:\/\/www.trula.cz\/author\/","identifier":1,"image":{"@type":"ImageObject","@id":"https:\/\/secure.gravatar.com\/avatar\/8ee00db67df6a380981db2e33f97d2fa79637c4880a83f2a0ac4c29b5bb179e1?s=96&d=mm&r=g","url":"https:\/\/secure.gravatar.com\/avatar\/8ee00db67df6a380981db2e33f97d2fa79637c4880a83f2a0ac4c29b5bb179e1?s=96&d=mm&r=g","height":96,"width":96}},"publisher":{"@type":"Organization","name":"trula.cz","logo":{"@type":"ImageObject","@id":"\/logo.png","url":"\/logo.png","width":600,"height":60}},"image":{"@type":"ImageObject","@id":"https:\/\/www.trula.cz\/wp-content\/uploads\/img_a338793_w2295_t1551437992.jpg","url":"https:\/\/www.trula.cz\/wp-content\/uploads\/img_a338793_w2295_t1551437992.jpg","height":0,"width":0},"wordCount":4611,"keywords":null},{"@type":"Article","@id":"https:\/\/www.trula.cz\/pozor-na-snih-na-strese-vaseho-domu\/","headline":"Pozor na sn\u00edh na st\u0159e\u0161e va\u0161eho domu","url":"https:\/\/www.trula.cz\/pozor-na-snih-na-strese-vaseho-domu\/","datePublished":"2025-03-03","dateModified":"2023-05-02","mainEntityOfPage":"https:\/\/www.trula.cz\/pozor-na-snih-na-strese-vaseho-domu\/","author":{"@type":"Person","@id":"https:\/\/www.trula.cz\/author\/#Person","name":"","url":"https:\/\/www.trula.cz\/author\/","identifier":1,"image":{"@type":"ImageObject","@id":"https:\/\/secure.gravatar.com\/avatar\/8ee00db67df6a380981db2e33f97d2fa79637c4880a83f2a0ac4c29b5bb179e1?s=96&d=mm&r=g","url":"https:\/\/secure.gravatar.com\/avatar\/8ee00db67df6a380981db2e33f97d2fa79637c4880a83f2a0ac4c29b5bb179e1?s=96&d=mm&r=g","height":96,"width":96}},"publisher":{"@type":"Organization","name":"trula.cz","logo":{"@type":"ImageObject","@id":"\/logo.png","url":"\/logo.png","width":600,"height":60}},"image":{"@type":"ImageObject","@id":"https:\/\/www.trula.cz\/wp-content\/uploads\/img_a334320_w2385_t1547989880.jpg","url":"https:\/\/www.trula.cz\/wp-content\/uploads\/img_a334320_w2385_t1547989880.jpg","height":0,"width":0},"wordCount":527,"keywords":null}]},{"@context":"https:\/\/schema.org","@type":"WebSite","@id":"https:\/\/www.trula.cz\/#website","name":"Trula","url":"https:\/\/www.trula.cz","potentialAction":{"@type":"SearchAction","target":"https:\/\/www.trula.cz\/?s={search_term_string}","query-input":"required name=search_term_string"}}]