[{"@context":"https:\/\/schema.org\/","@type":"Article","@id":"https:\/\/www.trula.cz\/naladme-se-na-cervenou-barvicku\/#Article","mainEntityOfPage":"https:\/\/www.trula.cz\/naladme-se-na-cervenou-barvicku\/","headline":"Nala\u010fme se na \u010dervenou barvi\u010dku","name":"Nala\u010fme se na \u010dervenou barvi\u010dku","description":"V\u017edy to nemus\u00ed b\u00fdt jen \u010dern\u00e1 a b\u00edl\u00e1 \u2013 zkus to zm\u011bnit! Obm\u011bn sv\u016fj \u0161atn\u00edk a nala\u010f ho do kr\u00e1sn\u00fdch barev. \u010cerven\u00e1, modr\u00e1 fialov\u00e1, \u017elut\u00e1 \u2013 v\u0161echno se m\u016f\u017ee doladit k perfektn\u00edmu setu. Popus\u0165 svoj\u00ed fantazii a kombinuj! Fantazii se meze nekladou. Kter\u00e1 barvi\u010dka dneska osln\u00ed ve\u0159ejn\u00e9 publikum? Mrkni nap\u0159\u00edklad na leg\u00edny \u010derven\u00e9. Ty Ti [&hellip;]","datePublished":"2022-03-28","dateModified":"2023-05-02","author":{"@type":"Person","@id":"https:\/\/www.trula.cz\/author\/#Person","name":"","url":"https:\/\/www.trula.cz\/author\/","identifier":1,"image":{"@type":"ImageObject","@id":"https:\/\/secure.gravatar.com\/avatar\/8ee00db67df6a380981db2e33f97d2fa79637c4880a83f2a0ac4c29b5bb179e1?s=96&d=mm&r=g","url":"https:\/\/secure.gravatar.com\/avatar\/8ee00db67df6a380981db2e33f97d2fa79637c4880a83f2a0ac4c29b5bb179e1?s=96&d=mm&r=g","height":96,"width":96}},"publisher":{"@type":"Organization","name":"trula.cz","logo":{"@type":"ImageObject","@id":"\/logo.png","url":"\/logo.png","width":600,"height":60}},"image":{"@type":"ImageObject","@id":"https:\/\/www.trula.cz\/wp-content\/uploads\/pexels-gustavo-fring-4148932.jpg","url":"https:\/\/www.trula.cz\/wp-content\/uploads\/pexels-gustavo-fring-4148932.jpg","height":0,"width":0},"url":"https:\/\/www.trula.cz\/naladme-se-na-cervenou-barvicku\/","about":["N\u00e1kupy"],"wordCount":427,"articleBody":"       V\u017edy to nemus\u00ed b\u00fdt jen \u010dern\u00e1 a b\u00edl\u00e1 \u2013 zkus to zm\u011bnit! Obm\u011bn sv\u016fj \u0161atn\u00edk a nala\u010f ho do kr\u00e1sn\u00fdch barev. \u010cerven\u00e1, modr\u00e1 fialov\u00e1, \u017elut\u00e1 \u2013 v\u0161echno se m\u016f\u017ee doladit k perfektn\u00edmu setu. Popus\u0165 svoj\u00ed fantazii a kombinuj! Fantazii se meze nekladou. Kter\u00e1 barvi\u010dka dneska osln\u00ed ve\u0159ejn\u00e9 publikum? Mrkni nap\u0159\u00edklad na leg\u00edny \u010derven\u00e9. Ty Ti dodaj\u00ed s\u00edlu nezastavit! Leg\u00edny \u010dern\u011b sice m\u016f\u017ee\u0161 kombinovat s jak\u00fdkoliv svr\u0161kem, ale k \u010derven\u00e9 barv\u011b, modr\u00e9 \u010di hn\u011bd\u00e9 dok\u00e1\u017ee\u0161 tak\u00e9 vymyslet skv\u011blou kombinaci. Chceme p\u0159ece z\u00e1\u0159it. Za\u010d\u00edn\u00e1 b\u00fdt teplo, a tak je nutnost dod\u00e1vat si energii i s pouhou hrou barev v\u0161ude kam se pod\u00edv\u00e1\u0161. \u010cern\u00e1, \u0161ed\u00e1, b\u00edl\u00e1 jsou studen\u00e9 barvy, kter\u00e9 doprov\u00e1z\u00ed sice elegance, ale tak\u00e9 smutek a deprese. To my ale nechceme, \u017ee?Jak\u00fdkoliv sport zvl\u00e1dnete od\u011bn\u00e1 ve skv\u011ble padnouc\u00edch leg\u00edn\u00e1ch. Dodaj\u00ed V\u00e1m jak mo\u017enost pohybu, tak i vzdu\u0161nost a eleganci z\u00e1rove\u0148. Chceme b\u00fdt jako \u017eeny neust\u00e1le kr\u00e1sn\u00e9. Kr\u00e1su ka\u017ed\u00fd definuje jinak. N\u011bkdo miluje tu kr\u00e1su ihned po probuzen\u00ed, kdy je \u010dlov\u011bk je\u0161t\u011b unaven\u00fd a teprve se probouz\u00ed do kr\u00e1sn\u00e9ho dne. N\u011bkdo miluje naopak kr\u00e1su v upraven\u00e9m a dokonal\u00e9m stylu. Jak chcete p\u016fsobit pr\u00e1v\u011b Vy?Je nutn\u00e9 podotknout, \u017ee ka\u017ed\u00e1 jsme kr\u00e1sn\u00e1, n\u011bkter\u00e1 sv\u00fdm zevn\u011bj\u0161kem a n\u011bkter\u00e1 sv\u00fdm nitrem. P\u0159esto se nem\u016f\u017eeme zal\u00edbit ka\u017ed\u00e9mu, ale nen\u00ed tomu tak, \u017ee bychom jen kv\u016fli tomu p\u0159estali b\u00fdt kr\u00e1sn\u00ed t\u00edm nebo t\u00edm zp\u016fsobem. M\u00e1me jin\u00e9 ide\u00e1ly \u2013 ka\u017ed\u00fd z n\u00e1s. Nikdy se nepodce\u0148ujte, proto\u017ee na\u0161e kr\u00e1sa spo\u010d\u00edv\u00e1 i v tom, jak se vid\u00edme my sami.Uvoln\u011bte se mil\u00e9 sle\u010dny a d\u00e1my a bu\u010fte sv\u00e1! Na ka\u017ed\u00e9 \u2013 z V\u00c1S V\u0160ECH je n\u011bco neoceniteln\u00e9ho, n\u011bco v\u00fdjime\u010dn\u00e9ho, co V\u00e1m z\u00e1vid\u00ed jin\u00e1 osoba. A\u0165 je to n\u00e1dhern\u00fd \u00fasm\u011bv, schopnost trp\u011blivosti, kr\u00e1sn\u00fdch vlas\u016f, postavy \u2013 je toho mraky. Mrkn\u011bte se do zrcadla a \u0159ekn\u011bte si \u2013 Jsi n\u00e1dhern\u00e1! Proto\u017ee milovat mus\u00edme za\u010d\u00edt samu sebe. Mus\u00edme se ztoto\u017enit s t\u00edm, jak vypad\u00e1me a pak m\u016f\u017eeme b\u00fdt teprve opravdu \u0161\u0165astn\u00e9!                                                                                                                                                                                                                                                                                                                                                                                          3.4\/5 - (10 votes)        "},{"@context":"https:\/\/schema.org\/","@type":"BreadcrumbList","itemListElement":[{"@type":"ListItem","position":1,"name":"Nala\u010fme se na \u010dervenou barvi\u010dku","item":"https:\/\/www.trula.cz\/naladme-se-na-cervenou-barvicku\/#breadcrumbitem"}]}]