[{"@context":"https:\/\/schema.org\/","@type":"Article","@id":"https:\/\/www.trula.cz\/kdyz-nam-koberec-zevsedni\/#Article","mainEntityOfPage":"https:\/\/www.trula.cz\/kdyz-nam-koberec-zevsedni\/","headline":"Kdy\u017e n\u00e1m koberec zev\u0161edn\u00ed","name":"Kdy\u017e n\u00e1m koberec zev\u0161edn\u00ed","description":"M\u00e1te doma metr\u00e1\u017eov\u00fd koberec? A dok\u00e1\u017eete si je\u0161t\u011b vybavit den, kdy jste jej po\u0159izovali, resp. pokl\u00e1dali na podlahu? V t\u00e9 dob\u011b jist\u011b vyd\u00e1val zaj\u00edmav\u00fd od\u00e9r, typickou \u201ekobercovinu\u201c \u010di jak jej nazvat, kter\u00e1 jasn\u011b signalizovala, \u017ee jde o zcela novou podlahovou krytinu, nepou\u017eitou, neokoukanou a hlavn\u011b \u010distou. Prvn\u00ed dny sta\u010dilo koberec sem tam vyluxovat a nikdo [&hellip;]","datePublished":"2023-02-14","dateModified":"2023-05-02","author":{"@type":"Person","@id":"https:\/\/www.trula.cz\/author\/#Person","name":"","url":"https:\/\/www.trula.cz\/author\/","identifier":1,"image":{"@type":"ImageObject","@id":"https:\/\/secure.gravatar.com\/avatar\/8ee00db67df6a380981db2e33f97d2fa79637c4880a83f2a0ac4c29b5bb179e1?s=96&d=mm&r=g","url":"https:\/\/secure.gravatar.com\/avatar\/8ee00db67df6a380981db2e33f97d2fa79637c4880a83f2a0ac4c29b5bb179e1?s=96&d=mm&r=g","height":96,"width":96}},"publisher":{"@type":"Organization","name":"trula.cz","logo":{"@type":"ImageObject","@id":"\/logo.png","url":"\/logo.png","width":600,"height":60}},"image":{"@type":"ImageObject","@id":"https:\/\/www.trula.cz\/wp-content\/uploads\/natural-fiber-g4eb33ee91_640.jpg","url":"https:\/\/www.trula.cz\/wp-content\/uploads\/natural-fiber-g4eb33ee91_640.jpg","height":0,"width":0},"url":"https:\/\/www.trula.cz\/kdyz-nam-koberec-zevsedni\/","about":["Podnik\u00e1n\u00ed"],"wordCount":396,"articleBody":"        M\u00e1te doma metr\u00e1\u017eov\u00fd koberec? A dok\u00e1\u017eete si je\u0161t\u011b vybavit den, kdy jste jej po\u0159izovali, resp. pokl\u00e1dali na podlahu? V t\u00e9 dob\u011b jist\u011b vyd\u00e1val zaj\u00edmav\u00fd od\u00e9r, typickou \u201ekobercovinu\u201c \u010di jak jej nazvat, kter\u00e1 jasn\u011b signalizovala, \u017ee jde o zcela novou podlahovou krytinu, nepou\u017eitou, neokoukanou a hlavn\u011b \u010distou.Prvn\u00ed dny sta\u010dilo koberec sem tam vyluxovat a nikdo z v\u00e1s jist\u011b ne\u0159e\u0161il n\u011bjak\u00e9 ne\u010distoty. Ob\u010das odpadnut\u00e9 drobky z toustov\u00e9ho chleba, kter\u00e9 se mezi vl\u00e1kny za\u0161lapaly, jste pravd\u011bpodobn\u011b tolerovali s v\u011bdom\u00edm, \u017ee p\u0159ece p\u00e1r drobe\u010dk\u016f jakost kobercov\u00fdch vl\u00e1ken z\u00e1sadn\u011b nezm\u011bn\u00ed.Jak \u0161el \u010das, a koberec jste t\u00fdden co t\u00fdden podrobovali pravideln\u00e9mu vys\u00e1v\u00e1n\u00ed, za\u010dal jeho kobercov\u00fd od\u00e9r ztr\u00e1cet na intenzit\u011b a p\u0159i\u0161el den, kdy jste jej ji\u017e nezaregistrovali v\u016fbec. Naopak se v\u00e1m zd\u00e1lo, \u017ee koberec jaksi ztr\u00e1c\u00ed na atraktivit\u011b, proto\u017ee se v\u00e1m zd\u00e1, jako kdyby z n\u011bj na slunci vybledly barvy.Sluncem to ale nen\u00ed, to m\u00e1 na barvu vl\u00e1ken minim\u00e1ln\u00ed vliv, chyba je n\u011bkde jinde \u2013 v za\u0161lapan\u00e9m prachu. Klasick\u00fd s\u00e1\u010dkov\u00fd vysava\u010d toti\u017e neodsaje v\u0161e, na to ani nen\u00ed stav\u011bn\u00fd, a tak se pomalou\u010dku polehou\u010dku vl\u00e1kna obaluj\u00ed prachov\u00fdmi \u010d\u00e1sticemi, k nim\u017e se p\u0159id\u00e1v\u00e1 je\u0161t\u011b dal\u0161\u00ed biologick\u00e1 slo\u017eka \u2013 lidsk\u00e9 ko\u017en\u00ed \u0161upinky a mastn\u00fd pot.Kdy\u017e koberec p\u0159ipom\u00edn\u00e1 pou\u017eit\u00e9 pono\u017ekyZa\u0161edl\u00fd koberec je jedn\u00edm z d\u016fvod\u016f, pro\u010d jej podrobit d\u016fkladn\u00e9mu \u010di\u0161t\u011bn\u00ed koberc\u016f Wismont \u010di\u0161t\u011bn\u00ed vhodn\u00fdm syst\u00e9mem, nap\u0159\u00edklad \u00fasp\u011b\u0161n\u00fdm a dob\u0159e recenzovan\u00fdm strojem Rotovac, ale to nen\u00ed v\u0161e. Jestli\u017ee po koberci chod\u00edte \u010dasto naboso, a t\u0159eba i v pono\u017ek\u00e1ch, podkolenk\u00e1ch a pun\u010doch\u00e1ch, tedy bez p\u0159ez\u016fvek, za \u010das do sebe nat\u00e1hne v\u00e1\u0161 pot spolu s bakteriemi, a nem\u016f\u017eete se divit, \u017ee za\u010dne p\u0159ipom\u00ednat pou\u017eit\u00e9 pono\u017eky. Koberce jsou textilie jako ka\u017ed\u00e1 jin\u00e1, a a\u010dkoli pono\u017eky odkl\u00e1d\u00e1me do pra\u010dky, koberce pouze vys\u00e1v\u00e1me s\u00e1\u010dkov\u00fdm vysava\u010dem, kter\u00e9 od\u00e9r bos\u00fdch chodidel rozhodn\u011b neodstran\u00ed.                                                                                                                                                                                                                                                                                                                                                                                          4.5\/5 - (15 votes)        "},{"@context":"https:\/\/schema.org\/","@type":"BreadcrumbList","itemListElement":[{"@type":"ListItem","position":1,"name":"Kdy\u017e n\u00e1m koberec zev\u0161edn\u00ed","item":"https:\/\/www.trula.cz\/kdyz-nam-koberec-zevsedni\/#breadcrumbitem"}]}]